{"id":2995,"date":"2025-10-28T10:20:53","date_gmt":"2025-10-28T09:20:53","guid":{"rendered":"https:\/\/entetedemo02.fr\/tid\/?p=2995"},"modified":"2026-01-27T09:34:19","modified_gmt":"2026-01-27T08:34:19","slug":"venir-au-tournoi-en-transport-en-commun","status":"publish","type":"post","link":"https:\/\/entetedemo02.fr\/tid\/venir-au-tournoi-en-transport-en-commun\/","title":{"rendered":"Venir au Tournoi en transport en commun"},"content":{"rendered":"\t\t<div data-elementor-type=\"wp-post\" data-elementor-id=\"2995\" class=\"elementor elementor-2995\">\n\t\t\t\t<div class=\"elementor-element elementor-element-da457aa e-flex e-con-boxed e-con e-parent\" data-id=\"da457aa\" data-element_type=\"container\" data-settings=\"{&quot;background_background&quot;:&quot;classic&quot;}\">\n\t\t\t\t\t<div class=\"e-con-inner\">\n\t\t<div class=\"elementor-element elementor-element-d0ffd50 e-con-full e-flex e-con e-child\" data-id=\"d0ffd50\" data-element_type=\"container\">\n\t\t\t\t<div class=\"elementor-element elementor-element-d50eb9b elementor-widget elementor-widget-wcf--image\" data-id=\"d50eb9b\" data-element_type=\"widget\" data-widget_type=\"wcf--image.default\">\n\t\t\t\t<div class=\"elementor-widget-container\">\n\t\t\t\t\t\t\t<div class=\"wcf--image\">\r\n\t\t\t\t\t\t\t<img fetchpriority=\"high\" decoding=\"async\" width=\"940\" height=\"788\" src=\"https:\/\/entetedemo02.fr\/tid\/wp-content\/uploads\/2025\/10\/transports.webp\" class=\"attachment-full size-full wp-image-2997\" alt=\"\" srcset=\"https:\/\/entetedemo02.fr\/tid\/wp-content\/uploads\/2025\/10\/transports.webp 940w, https:\/\/entetedemo02.fr\/tid\/wp-content\/uploads\/2025\/10\/transports-300x251.webp 300w, https:\/\/entetedemo02.fr\/tid\/wp-content\/uploads\/2025\/10\/transports-768x644.webp 768w\" sizes=\"(max-width: 940px) 100vw, 940px\" \/>\t\t\t\t\t\t<\/div>\r\n\t\t\t\t\t\t<\/div>\n\t\t\t\t<\/div>\n\t\t\t\t<\/div>\n\t\t<div class=\"elementor-element elementor-element-f76a29e e-con-full e-flex e-con e-child\" data-id=\"f76a29e\" data-element_type=\"container\">\n\t\t<div class=\"elementor-element elementor-element-d88005f e-con-full e-flex e-con e-child\" data-id=\"d88005f\" data-element_type=\"container\">\n\t\t\t\t<div class=\"elementor-element elementor-element-7ec30ca elementor-widget elementor-widget-wcf--blog--post--meta-info\" data-id=\"7ec30ca\" data-element_type=\"widget\" data-widget_type=\"wcf--blog--post--meta-info.default\">\n\t\t\t\t<div class=\"elementor-widget-container\">\n\t\t\t\t\t        <ul class=\"wcf--meta-list style-1\">\r\n\t\t\t\t\t\t                <li class=\"wcf--meta-author wcf-separator\"\r\n                    data-separator=\"\u2014\">\r\n\t\t\t\t\t                    <a href=\"https:\/\/entetedemo02.fr\/tid\/author\/admin-tid\/\">\r\n                                                  admin.tid                        <\/a>\r\n                <\/li>\r\n\t\t\t\r\n\t\t\t\t\t\t\t\t                <li class=\"wcf--meta-date wcf-separator\"\r\n                    data-separator=\"\">\r\n                    \t\t\t\t\t\t\t\t\t\t28 octobre 2025                <\/li>\r\n\t\t\t\r\n\t\t\t\t\t        <\/ul>\r\n\t\t\t\t\t\t<\/div>\n\t\t\t\t<\/div>\n\t\t\t\t<div class=\"elementor-element elementor-element-80b9d24 elementor-widget elementor-widget-heading\" data-id=\"80b9d24\" data-element_type=\"widget\" data-widget_type=\"heading.default\">\n\t\t\t\t<div class=\"elementor-widget-container\">\n\t\t\t\t\t<h1 class=\"elementor-heading-title elementor-size-default\">Venir au Tournoi en transport en commun<\/h1>\t\t\t\t<\/div>\n\t\t\t\t<\/div>\n\t\t\t\t<div class=\"elementor-element elementor-element-d206985 elementor-widget elementor-widget-text-editor\" data-id=\"d206985\" data-element_type=\"widget\" data-widget_type=\"text-editor.default\">\n\t\t\t\t<div class=\"elementor-widget-container\">\n\t\t\t\t\t\t\t\t\t<p>\ud83c\udf0d Et si on faisait plus pour la plan\u00e8te ? \ud83c\udf0d<\/p><p>Le Tournoi International de Dirinon s\u2019engage depuis des ann\u00e9es pour un \u00e9v\u00e9nement plus responsable !<\/p><p>\ud83d\ude8d Cette ann\u00e9e encore, des navettes GRATUITES desservent les communes voisines pour vous emmener au tournoi en toute simplicit\u00e9 :<\/p><p>\ud83d\udccd Saint-Divy, La Forest-Landerneau, Landerneau, Pencran, Saint-Urbain, Daoulas, Loperhet\u2026<\/p><p>Pas besoin de voiture, on vient vous chercher !<\/p><p>\ud83c\udf31 Moins de CO\u2082, plus de foot et de convivialit\u00e9.<\/p><p>\u267b\ufe0f Un petit geste pour vous, un grand pas pour l\u2019environnement !<\/p><p>\ud83d\ude8c Retrouvez les horaires et points de passage ici \ud83d\udc47<\/p><p>\ud83d\udce3 Faites passer le mot, covoiturez, et venez nombreux soutenir votre \u00e9quipe !<\/p>\t\t\t\t\t\t\t\t<\/div>\n\t\t\t\t<\/div>\n\t\t\t\t<div class=\"elementor-element elementor-element-b8637cc elementor-widget elementor-widget-image\" data-id=\"b8637cc\" data-element_type=\"widget\" data-widget_type=\"image.default\">\n\t\t\t\t<div class=\"elementor-widget-container\">\n\t\t\t\t\t\t\t\t\t\t\t\t\t\t\t<img decoding=\"async\" width=\"800\" height=\"671\" src=\"https:\/\/entetedemo02.fr\/tid\/wp-content\/uploads\/2025\/10\/bus.webp\" class=\"attachment-large size-large wp-image-3000\" alt=\"\" srcset=\"https:\/\/entetedemo02.fr\/tid\/wp-content\/uploads\/2025\/10\/bus.webp 940w, https:\/\/entetedemo02.fr\/tid\/wp-content\/uploads\/2025\/10\/bus-300x251.webp 300w, https:\/\/entetedemo02.fr\/tid\/wp-content\/uploads\/2025\/10\/bus-768x644.webp 768w\" sizes=\"(max-width: 800px) 100vw, 800px\" \/>\t\t\t\t\t\t\t\t\t\t\t\t\t\t\t<\/div>\n\t\t\t\t<\/div>\n\t\t\t\t<div class=\"elementor-element elementor-element-1a05dee elementor-widget elementor-widget-image\" data-id=\"1a05dee\" data-element_type=\"widget\" data-widget_type=\"image.default\">\n\t\t\t\t<div class=\"elementor-widget-container\">\n\t\t\t\t\t\t\t\t\t\t\t\t\t\t\t<img decoding=\"async\" width=\"800\" height=\"671\" src=\"https:\/\/entetedemo02.fr\/tid\/wp-content\/uploads\/2025\/10\/train.webp\" class=\"attachment-large size-large wp-image-3001\" alt=\"\" srcset=\"https:\/\/entetedemo02.fr\/tid\/wp-content\/uploads\/2025\/10\/train.webp 940w, https:\/\/entetedemo02.fr\/tid\/wp-content\/uploads\/2025\/10\/train-300x251.webp 300w, https:\/\/entetedemo02.fr\/tid\/wp-content\/uploads\/2025\/10\/train-768x644.webp 768w\" sizes=\"(max-width: 800px) 100vw, 800px\" \/>\t\t\t\t\t\t\t\t\t\t\t\t\t\t\t<\/div>\n\t\t\t\t<\/div>\n\t\t\t\t<\/div>\n\t\t\t\t<\/div>\n\t\t\t\t\t<\/div>\n\t\t\t\t<\/div>\n\t\t\t\t<\/div>\n\t\t","protected":false},"excerpt":{"rendered":"<p>Vilnius is hard to keep to present day the asset of the family. The home ownership becomes increasingly&#8230;&#8230;.<\/p>\n","protected":false},"author":1,"featured_media":3645,"comment_status":"closed","ping_status":"closed","sticky":false,"template":"elementor_header_footer","format":"standard","meta":{"footnotes":""},"categories":[1],"tags":[],"class_list":["post-2995","post","type-post","status-publish","format-standard","has-post-thumbnail","hentry","category-uncategorized"],"_links":{"self":[{"href":"https:\/\/entetedemo02.fr\/tid\/wp-json\/wp\/v2\/posts\/2995","targetHints":{"allow":["GET"]}}],"collection":[{"href":"https:\/\/entetedemo02.fr\/tid\/wp-json\/wp\/v2\/posts"}],"about":[{"href":"https:\/\/entetedemo02.fr\/tid\/wp-json\/wp\/v2\/types\/post"}],"author":[{"embeddable":true,"href":"https:\/\/entetedemo02.fr\/tid\/wp-json\/wp\/v2\/users\/1"}],"replies":[{"embeddable":true,"href":"https:\/\/entetedemo02.fr\/tid\/wp-json\/wp\/v2\/comments?post=2995"}],"version-history":[{"count":0,"href":"https:\/\/entetedemo02.fr\/tid\/wp-json\/wp\/v2\/posts\/2995\/revisions"}],"wp:featuredmedia":[{"embeddable":true,"href":"https:\/\/entetedemo02.fr\/tid\/wp-json\/wp\/v2\/media\/3645"}],"wp:attachment":[{"href":"https:\/\/entetedemo02.fr\/tid\/wp-json\/wp\/v2\/media?parent=2995"}],"wp:term":[{"taxonomy":"category","embeddable":true,"href":"https:\/\/entetedemo02.fr\/tid\/wp-json\/wp\/v2\/categories?post=2995"},{"taxonomy":"post_tag","embeddable":true,"href":"https:\/\/entetedemo02.fr\/tid\/wp-json\/wp\/v2\/tags?post=2995"}],"curies":[{"name":"wp","href":"https:\/\/api.w.org\/{rel}","templated":true}]}}