{"id":25621,"date":"2025-06-10T20:59:54","date_gmt":"2025-06-10T18:59:54","guid":{"rendered":"https:\/\/entetedemo02.fr\/godin\/?p=25621"},"modified":"2025-06-12T10:43:53","modified_gmt":"2025-06-12T08:43:53","slug":"poele-a-bois-ou-poele-a-granules","status":"publish","type":"post","link":"https:\/\/entetedemo02.fr\/godin\/poele-a-bois-ou-poele-a-granules\/","title":{"rendered":"Po\u00eale \u00e0 bois ou po\u00eale \u00e0 granul\u00e9s : comment bien choisir selon votre mode de vie ?"},"content":{"rendered":"Vous devez \u00eatre connect\u00e9 pour voir ce contenu.","protected":false},"excerpt":{"rendered":"Vous devez \u00eatre connect\u00e9 pour voir ce contenu.","protected":false},"author":1,"featured_media":40216,"comment_status":"closed","ping_status":"closed","sticky":false,"template":"","format":"standard","meta":{"footnotes":""},"categories":[656,657],"tags":[],"class_list":["post-25621","post","type-post","status-publish","format-standard","has-post-thumbnail","hentry","category-poele-a-bois","category-poele-a-granules"],"_links":{"self":[{"href":"https:\/\/entetedemo02.fr\/godin\/wp-json\/wp\/v2\/posts\/25621","targetHints":{"allow":["GET"]}}],"collection":[{"href":"https:\/\/entetedemo02.fr\/godin\/wp-json\/wp\/v2\/posts"}],"about":[{"href":"https:\/\/entetedemo02.fr\/godin\/wp-json\/wp\/v2\/types\/post"}],"author":[{"embeddable":true,"href":"https:\/\/entetedemo02.fr\/godin\/wp-json\/wp\/v2\/users\/1"}],"replies":[{"embeddable":true,"href":"https:\/\/entetedemo02.fr\/godin\/wp-json\/wp\/v2\/comments?post=25621"}],"version-history":[{"count":5,"href":"https:\/\/entetedemo02.fr\/godin\/wp-json\/wp\/v2\/posts\/25621\/revisions"}],"predecessor-version":[{"id":40202,"href":"https:\/\/entetedemo02.fr\/godin\/wp-json\/wp\/v2\/posts\/25621\/revisions\/40202"}],"wp:featuredmedia":[{"embeddable":true,"href":"https:\/\/entetedemo02.fr\/godin\/wp-json\/wp\/v2\/media\/40216"}],"wp:attachment":[{"href":"https:\/\/entetedemo02.fr\/godin\/wp-json\/wp\/v2\/media?parent=25621"}],"wp:term":[{"taxonomy":"category","embeddable":true,"href":"https:\/\/entetedemo02.fr\/godin\/wp-json\/wp\/v2\/categories?post=25621"},{"taxonomy":"post_tag","embeddable":true,"href":"https:\/\/entetedemo02.fr\/godin\/wp-json\/wp\/v2\/tags?post=25621"}],"curies":[{"name":"wp","href":"https:\/\/api.w.org\/{rel}","templated":true}]}}